{"id":17,"date":"2023-12-04T13:50:19","date_gmt":"2023-12-04T13:50:19","guid":{"rendered":"https:\/\/lasnoticiasmexico.com\/?p=17"},"modified":"2023-12-04T13:50:19","modified_gmt":"2023-12-04T13:50:19","slug":"45-anos-de-carrera-de-yuri","status":"publish","type":"post","link":"https:\/\/lasnoticiasmexico.com\/index.php\/2023\/12\/04\/45-anos-de-carrera-de-yuri\/","title":{"rendered":"45 A\u00f1os de carrera de Yuri"},"content":{"rendered":"\n<p>Tener una carrera s\u00f3lida de 45 a\u00f1os en la m\u00fasica es un privilegio del cual Yuri puede presumir, pero no lo hace, m\u00e1s bien se\u00f1ala que para llegar a donde est\u00e1 ha tenido que trabajar muy duro desde chiquita.<\/p>\n\n\n\n<p><strong>Bailarina, cantante, conductora, actriz y productora de sus espect\u00e1culos, esta jarocha que ma\u00f1ana desata su Euforia Tour por segunda vez en la Arena Monterrey<\/strong>&nbsp;sabe c\u00f3mo pasarla bien, y contagia furor y alegr\u00eda con sus canciones al p\u00fablico que vibra con sus shows.<\/p>\n\n\n\n<blockquote class=\"wp-block-quote is-layout-flow wp-block-quote-is-layout-flow\">\n<p>\u201c<\/p>\n\n\n\n<p>S\u00ed me ha costado mucho mantenerme porque yo no he dejado de hacer colaboraciones musicales, realities, por eso estoy activa, por eso los ni\u00f1os dicen: \u2018Me gusta Yuri\u2019, \u00f8por qu\u00e9?, porque me vio en La M\u00e1scara o en La Voz\u201d, asegur\u00f3 la cantante en entrevista.<\/p>\n<\/blockquote>\n\n\n\n<p><strong>Yuridia Valenzuela Canseco, de 59 a\u00f1os<\/strong>, hizo referencia al don que se le dio para desarrollar varias facetas en su trayectoria dentro la escena musical.<\/p>\n\n\n\n<blockquote class=\"wp-block-quote is-layout-flow wp-block-quote-is-layout-flow\">\n<p>\u201c<\/p>\n\n\n\n<p>A m\u00ed me gusta hacer de todo. Soy una mujer que soy completa, es un don que Dios me dio, porque me gusta conducir, hacer realities, estar de juez, como cuando estuve en Chile como por cinco meses viviendo. Y me han pedido para otros lugares, para Colombia y Argentina, pero tengo que darle tiempo a mi carrera porque lo m\u00edo es cantar\u201d, afirm\u00f3.<\/p>\n<\/blockquote>\n\n\n\n<p><strong>Y no para.<\/strong><\/p>\n\n\n\n<p>Yuri prepar\u00f3 un espect\u00e1culo vibrante para su concierto de ma\u00f1ana ante sus<strong>&nbsp;fieles fans regios.&nbsp;<\/strong><\/p>\n\n\n\n<p>Anticip\u00f3 que habr\u00e1 mucho brillo en su vestuario y que contar\u00e1 con un grupo de bailarines en las coreograf\u00edas para ofrecer una producci\u00f3n vistosa y euf\u00f3rica. Sin faltar la buena m\u00fasica.<\/p>\n\n\n\n<blockquote class=\"wp-block-quote is-layout-flow wp-block-quote-is-layout-flow\">\n<p>\u201c<\/p>\n\n\n\n<p>Soy de las pocas ochenteras que me gusta hacer colaboraciones con gente joven como, por ejemplo, con Reik, Jesse &amp; Joy, con muchos artistas m\u00e1s chicos que yo, que gracias a ellos su p\u00fablico ahora es mi p\u00fablico\u201d, indic\u00f3.<\/p>\n<\/blockquote>\n\n\n\n<blockquote class=\"wp-block-quote is-layout-flow wp-block-quote-is-layout-flow\">\n<p>\u201c<\/p>\n\n\n\n<p>Entonces, mucha gente de mi edad me dec\u00eda: \u2018T\u00fa qu\u00e9 haces cantando con esos j\u00f3venes\u2019. Tambi\u00e9n cant\u00e9 con Firme, que he sido la \u00fanica mujer que ha grabado con el grupo y es un privilegio haber cantando con ellos, y gracias a ellos ahora la compa\u00f1\u00eda disquera me pone a hacer cuatro sencillos de la m\u00fasica regional mexicana que van a salir en enero\u201d.<\/p>\n<\/blockquote>\n\n\n\n<p>La cantante record\u00f3 que al inicio de la gira, el a\u00f1o pasado,<strong>&nbsp;hubo quienes pensaban que ya no llenaba recintos y sucedi\u00f3 lo contrario.<\/strong><\/p>\n\n\n\n<blockquote class=\"wp-block-quote is-layout-flow wp-block-quote-is-layout-flow\">\n<p>\u201c<\/p>\n\n\n\n<p>Siempre Dios d\u00e1ndome la victoria, siempre Dios callando bocas, siempre Dios siendo justo porque a veces yo pienso que hay gente que decimos cosas o ofendemos, y nos lo ganamos, pero yo, me he ganado algo que no he dicho nada, ni nunca he ofendido a nadie porque soy cristiana. Perfecta no soy\u201d, expres\u00f3.<\/p>\n<\/blockquote>\n\n\n\n<p>\u201cSi yo hubiera ofendido a alguien, tengo el valor y el aprendizaje para reconocerlo, porque todos la regamos, sin embargo, hab\u00eda una parte que se opon\u00eda mi \u00e9xito, a mi regreso, y Dios, como siempre, callando bocas, y toda la gira de Euforia ha sido puro sold out\u201d.<\/p>\n\n\n\n<p>La int\u00e9rprete de \u00e9xitos como&nbsp;<strong>\u201cCuando Baja la Marea\u201d y \u201cEl Espejo\u201d<\/strong>&nbsp;asegur\u00f3 que con su trabajo y entrega en el escenario calla bocas.<\/p>\n\n\n\n<blockquote class=\"wp-block-quote is-layout-flow wp-block-quote-is-layout-flow\">\n<p>\u201c<\/p>\n\n\n\n<p>Soy esta Yuri, que en el transcurso de estos a\u00f1os siempre se supera, que siempre da espect\u00e1culos incre\u00edbles, y que me he caracterizado por ser una de las pocas artistas mexicanas que le gasta y que hace producciones no muy normales en M\u00e9xico, creo mi show es muy tipo Las Vegas\u201d, dijo.<\/p>\n<\/blockquote>\n\n\n\n<p><strong>Para armar una producci\u00f3n como la que presentar\u00e1 a veces no le gana,<\/strong>&nbsp;pero se\u00f1al\u00f3 que es como una carta de presentaci\u00f3n.<\/p>\n\n\n\n<blockquote class=\"wp-block-quote is-layout-flow wp-block-quote-is-layout-flow\">\n<p>\u201c<\/p>\n\n\n\n<p>De aqu\u00ed es desde donde se dispar\u00f3 Euforia el a\u00f1o pasado, fue donde los empresarios voltean a verme y dicen: \u2018Si la Yuri llen\u00f3 la Arena, puede llenar otros recintos m\u00e1s chicos&#8217;\u201d, comparti\u00f3.<\/p>\n<\/blockquote>\n","protected":false},"excerpt":{"rendered":"<p>Tener una carrera s\u00f3lida de 45 a\u00f1os en la m\u00fasica es un privilegio del cual Yuri puede presumir, pero no lo hace, m\u00e1s bien se\u00f1ala que para llegar a donde est\u00e1 ha tenido que trabajar muy duro desde chiquita. Bailarina, cantante, conductora, actriz y productora de sus espect\u00e1culos, esta jarocha que ma\u00f1ana desata su Euforia [&hellip;]<\/p>\n","protected":false},"author":1,"featured_media":0,"comment_status":"closed","ping_status":"open","sticky":false,"template":"","format":"standard","meta":{"footnotes":""},"categories":[4],"tags":[],"class_list":["post-17","post","type-post","status-publish","format-standard","hentry","category-espectaculos"],"_links":{"self":[{"href":"https:\/\/lasnoticiasmexico.com\/index.php\/wp-json\/wp\/v2\/posts\/17","targetHints":{"allow":["GET"]}}],"collection":[{"href":"https:\/\/lasnoticiasmexico.com\/index.php\/wp-json\/wp\/v2\/posts"}],"about":[{"href":"https:\/\/lasnoticiasmexico.com\/index.php\/wp-json\/wp\/v2\/types\/post"}],"author":[{"embeddable":true,"href":"https:\/\/lasnoticiasmexico.com\/index.php\/wp-json\/wp\/v2\/users\/1"}],"replies":[{"embeddable":true,"href":"https:\/\/lasnoticiasmexico.com\/index.php\/wp-json\/wp\/v2\/comments?post=17"}],"version-history":[{"count":1,"href":"https:\/\/lasnoticiasmexico.com\/index.php\/wp-json\/wp\/v2\/posts\/17\/revisions"}],"predecessor-version":[{"id":18,"href":"https:\/\/lasnoticiasmexico.com\/index.php\/wp-json\/wp\/v2\/posts\/17\/revisions\/18"}],"wp:attachment":[{"href":"https:\/\/lasnoticiasmexico.com\/index.php\/wp-json\/wp\/v2\/media?parent=17"}],"wp:term":[{"taxonomy":"category","embeddable":true,"href":"https:\/\/lasnoticiasmexico.com\/index.php\/wp-json\/wp\/v2\/categories?post=17"},{"taxonomy":"post_tag","embeddable":true,"href":"https:\/\/lasnoticiasmexico.com\/index.php\/wp-json\/wp\/v2\/tags?post=17"}],"curies":[{"name":"wp","href":"https:\/\/api.w.org\/{rel}","templated":true}]}}